{"id":368,"date":"2023-01-24T13:28:12","date_gmt":"2023-01-24T13:28:12","guid":{"rendered":"https:\/\/maja.sara.si\/wordpress\/?p=368"},"modified":"2023-01-24T13:28:12","modified_gmt":"2023-01-24T13:28:12","slug":"mesto-gradec","status":"publish","type":"post","link":"https:\/\/maja.sara.si\/wordpress\/mesto-gradec\/","title":{"rendered":"Mesto Gradec"},"content":{"rendered":"\t\t<div data-elementor-type=\"wp-post\" data-elementor-id=\"368\" class=\"elementor elementor-368\">\n\t\t\t\t\t\t<section class=\"elementor-section elementor-top-section elementor-element elementor-element-9998c05 elementor-section-boxed elementor-section-height-default elementor-section-height-default\" data-id=\"9998c05\" data-element_type=\"section\">\n\t\t\t\t\t\t<div class=\"elementor-container elementor-column-gap-default\">\n\t\t\t\t\t<div class=\"elementor-column elementor-col-100 elementor-top-column elementor-element elementor-element-997c430\" data-id=\"997c430\" data-element_type=\"column\">\n\t\t\t<div class=\"elementor-widget-wrap elementor-element-populated\">\n\t\t\t\t\t\t<div class=\"elementor-element elementor-element-6bfd29d elementor-widget elementor-widget-image\" data-id=\"6bfd29d\" data-element_type=\"widget\" data-widget_type=\"image.default\">\n\t\t\t\t<div class=\"elementor-widget-container\">\n\t\t\t\t\t\t\t\t\t\t\t\t\t\t\t<img fetchpriority=\"high\" decoding=\"async\" width=\"500\" height=\"334\" src=\"https:\/\/maja.sara.si\/wordpress\/wp-content\/uploads\/2023\/01\/city-g7155f966c_640.jpg\" class=\"attachment-medium size-medium wp-image-377\" alt=\"Mesto Gradec\" srcset=\"https:\/\/maja.sara.si\/wordpress\/wp-content\/uploads\/2023\/01\/city-g7155f966c_640.jpg 640w, https:\/\/maja.sara.si\/wordpress\/wp-content\/uploads\/2023\/01\/city-g7155f966c_640-600x400.jpg 600w\" sizes=\"(max-width: 500px) 100vw, 500px\" \/>\t\t\t\t\t\t\t\t\t\t\t\t\t\t\t<\/div>\n\t\t\t\t<\/div>\n\t\t\t\t<div class=\"elementor-element elementor-element-37f0e1f elementor-widget elementor-widget-heading\" data-id=\"37f0e1f\" data-element_type=\"widget\" data-widget_type=\"heading.default\">\n\t\t\t\t<div class=\"elementor-widget-container\">\n\t\t\t\t\t<h2 class=\"elementor-heading-title elementor-size-default\">Mesto Gradec<\/h2>\t\t\t\t<\/div>\n\t\t\t\t<\/div>\n\t\t\t\t<div class=\"elementor-element elementor-element-a55619c elementor-widget elementor-widget-text-editor\" data-id=\"a55619c\" data-element_type=\"widget\" data-widget_type=\"text-editor.default\">\n\t\t\t\t<div class=\"elementor-widget-container\">\n\t\t\t\t\t\t\t\t\t<p><\/p>\n<p>Vzemite vse, kar ste kadarkoli vedeli, ali misli o tem avstrijskem<br>mestu in vrzite skozi okno. Mesto Gradec nima Dunajske noblese ali Salzbur\u0161kega<br>klasi\u010dnega glasbenega pridiha niti Alp na svojem pragu kot Innsbruck. Ima pa<br>nekaj zapeljivega. Te\u017eko je sicer opredeliti, kje ta zapeljivost v bistvu je.<\/p>\n<p>Tukaj vlada nekak skrivnosten mediteranski pridih, ki veje<br>med pastelnimi dvori\u0161\u010di, posutimi z oljkami. V samem centru, ki je obmo\u010dje za<br>pe\u0161ce, boste sli\u0161ali zvoke tramvajev in kolesarskih zvoncev. Staro mesto<br>ohranja bitje mladostne du\u0161e z 20-% populacijo \u0161tudentov, ki tam \u017eivijo.<br>Komunisti\u010den \u017eupan, ki je bil izbran na zadnjih volitvah, trenutno vodi mestno<br>upravo. Gradec ima tudi dve UNESCOVI ozna\u010dbi.&nbsp;<\/p>\n<p class=\"MsoNormal\">To je mesto ne\u017enih paradoksov. Mesto, kjer sobivata<br>klasika in moderna. Mesto, kjer ti kulinari\u010dna ustvarjalnost da misliti kaj<br>sploh ve\u0161 o centralno evropski kuhinji. Mesto, s tako mo\u010dnim fokusom na<br>sve\u017eini, kjer ti postre\u017eejo z \u00bbod kmetije do vilic\u00ab restavracijami, ki jim<br>preprosto re\u010dejo kar restavracije in kjer pridelki na stojnicah pripovedujejo o<br>svojih pridelovalcih.<\/p>\n<p class=\"MsoNormal\">Tukaj za\u010duti\u0161 pridih skrivnostne elegance, ki se skriva na glavni ulici Herrengasse, kjer ti trgovinice me\u017eikajo, da jih obi\u0161\u010de\u0161. Nakupovanje dobi posebne razse\u017enosti, ko vstopi\u0161 vanje, saj so nastanjene v starih mestnih hi\u0161ah in ob vstopu za\u010duti\u0161 vonj po skrivnostni zgodovini mesta. Ne odide\u0161, da ne bi kaj kupil, saj te omami nekak\u0161na nostalgija po starih \u010dasih, kjer \u0161e ni bilo telefonov, televizij, in je vladala preprostost vsakdanjega \u010dloveka.<\/p><p class=\"MsoNormal\">V Gradcu se velikokrat tudi kaj dogaja. Galerije, muzeji in raznovrstno koncerti so tisti del kulturnega mesta, ki mu dajejo noto povezave z Dunajem in drugimi Avstrijskimi mesti.<\/p>\n<p class=\"MsoNormal\">\n<\/p><p class=\"MsoNormal\">\n<\/p>\t\t\t\t\t\t\t\t<\/div>\n\t\t\t\t<\/div>\n\t\t\t\t\t<\/div>\n\t\t<\/div>\n\t\t\t\t\t<\/div>\n\t\t<\/section>\n\t\t\t\t<section class=\"elementor-section elementor-top-section elementor-element elementor-element-0c16719 elementor-section-boxed elementor-section-height-default elementor-section-height-default\" data-id=\"0c16719\" data-element_type=\"section\">\n\t\t\t\t\t\t<div class=\"elementor-container elementor-column-gap-default\">\n\t\t\t\t\t<div class=\"elementor-column elementor-col-33 elementor-top-column elementor-element elementor-element-1f6fb9c\" data-id=\"1f6fb9c\" data-element_type=\"column\">\n\t\t\t<div class=\"elementor-widget-wrap elementor-element-populated\">\n\t\t\t\t\t\t<div class=\"elementor-element elementor-element-cc3c38f elementor-widget elementor-widget-image\" data-id=\"cc3c38f\" data-element_type=\"widget\" data-widget_type=\"image.default\">\n\t\t\t\t<div class=\"elementor-widget-container\">\n\t\t\t\t\t\t\t\t\t\t\t\t\t\t\t<img decoding=\"async\" width=\"250\" height=\"145\" src=\"https:\/\/maja.sara.si\/wordpress\/wp-content\/uploads\/2023\/01\/road-g7090a21fc_640.jpg\" class=\"attachment-thumbnail size-thumbnail wp-image-381\" alt=\"mesto Gradec\" srcset=\"https:\/\/maja.sara.si\/wordpress\/wp-content\/uploads\/2023\/01\/road-g7090a21fc_640.jpg 640w, https:\/\/maja.sara.si\/wordpress\/wp-content\/uploads\/2023\/01\/road-g7090a21fc_640-600x349.jpg 600w\" sizes=\"(max-width: 250px) 100vw, 250px\" \/>\t\t\t\t\t\t\t\t\t\t\t\t\t\t\t<\/div>\n\t\t\t\t<\/div>\n\t\t\t\t\t<\/div>\n\t\t<\/div>\n\t\t\t\t<div class=\"elementor-column elementor-col-33 elementor-top-column elementor-element elementor-element-e9b7822\" data-id=\"e9b7822\" data-element_type=\"column\">\n\t\t\t<div class=\"elementor-widget-wrap elementor-element-populated\">\n\t\t\t\t\t\t<div class=\"elementor-element elementor-element-dbe6df5 elementor-widget elementor-widget-image\" data-id=\"dbe6df5\" data-element_type=\"widget\" data-widget_type=\"image.default\">\n\t\t\t\t<div class=\"elementor-widget-container\">\n\t\t\t\t\t\t\t\t\t\t\t\t\t\t\t<img decoding=\"async\" width=\"250\" height=\"167\" src=\"https:\/\/maja.sara.si\/wordpress\/wp-content\/uploads\/2023\/01\/drink-g5f2425511_640.jpg\" class=\"attachment-thumbnail size-thumbnail wp-image-380\" alt=\"mesto Gradec\" srcset=\"https:\/\/maja.sara.si\/wordpress\/wp-content\/uploads\/2023\/01\/drink-g5f2425511_640.jpg 640w, https:\/\/maja.sara.si\/wordpress\/wp-content\/uploads\/2023\/01\/drink-g5f2425511_640-600x400.jpg 600w\" sizes=\"(max-width: 250px) 100vw, 250px\" \/>\t\t\t\t\t\t\t\t\t\t\t\t\t\t\t<\/div>\n\t\t\t\t<\/div>\n\t\t\t\t\t<\/div>\n\t\t<\/div>\n\t\t\t\t<div class=\"elementor-column elementor-col-33 elementor-top-column elementor-element elementor-element-fcef5c3\" data-id=\"fcef5c3\" data-element_type=\"column\">\n\t\t\t<div class=\"elementor-widget-wrap elementor-element-populated\">\n\t\t\t\t\t\t<div class=\"elementor-element elementor-element-7a0165e elementor-widget elementor-widget-image\" data-id=\"7a0165e\" data-element_type=\"widget\" data-widget_type=\"image.default\">\n\t\t\t\t<div class=\"elementor-widget-container\">\n\t\t\t\t\t\t\t\t\t\t\t\t\t\t\t<img loading=\"lazy\" decoding=\"async\" width=\"250\" height=\"250\" src=\"https:\/\/maja.sara.si\/wordpress\/wp-content\/uploads\/2023\/01\/graz-g60cd95bf4_640-250x250.jpg\" class=\"attachment-thumbnail size-thumbnail wp-image-379\" alt=\"mesto Gradec\" srcset=\"https:\/\/maja.sara.si\/wordpress\/wp-content\/uploads\/2023\/01\/graz-g60cd95bf4_640-250x250.jpg 250w, https:\/\/maja.sara.si\/wordpress\/wp-content\/uploads\/2023\/01\/graz-g60cd95bf4_640-300x300.jpg 300w, https:\/\/maja.sara.si\/wordpress\/wp-content\/uploads\/2023\/01\/graz-g60cd95bf4_640-100x100.jpg 100w\" sizes=\"(max-width: 250px) 100vw, 250px\" \/>\t\t\t\t\t\t\t\t\t\t\t\t\t\t\t<\/div>\n\t\t\t\t<\/div>\n\t\t\t\t\t<\/div>\n\t\t<\/div>\n\t\t\t\t\t<\/div>\n\t\t<\/section>\n\t\t\t\t<\/div>\n\t\t","protected":false},"excerpt":{"rendered":"<p>Mesto Gradec Vzemite vse, kar ste kadarkoli vedeli, ali misli o tem avstrijskem mestu in vrzite skozi okno. Mesto Gradec nima Dunajske noblese ali Salzbur\u0161kega klasi\u010dnega glasbenega pridiha niti Alp na svojem pragu kot Innsbruck. Ima pa nekaj zapeljivega. Te\u017eko je sicer opredeliti, kje ta zapeljivost v bistvu je. Tukaj vlada nekak skrivnosten mediteranski pridih, [&hellip;]<\/p>\n","protected":false},"author":1,"featured_media":381,"comment_status":"open","ping_status":"open","sticky":false,"template":"","format":"standard","meta":{"footnotes":""},"categories":[30],"tags":[33,32,31],"class_list":{"0":"post-368","1":"post","2":"type-post","3":"status-publish","4":"format-standard","5":"has-post-thumbnail","7":"category-travel","8":"tag-graz","9":"tag-mesto","10":"tag-potovanja","11":"czr-hentry"},"yoast_head":"<!-- This site is optimized with the Yoast SEO plugin v24.6 - https:\/\/yoast.com\/wordpress\/plugins\/seo\/ -->\n<title>Mesto Gradec - Maja - stories<\/title>\n<meta name=\"description\" content=\"Gradec je mesto, ki nima dunajske noblese ali Salzbur\u0161kega glasbenega pridiha. To mesto ima nekaj zapeljivega...\" \/>\n<meta name=\"robots\" content=\"index, follow, max-snippet:-1, max-image-preview:large, max-video-preview:-1\" \/>\n<link rel=\"canonical\" href=\"https:\/\/maja.sara.si\/wordpress\/mesto-gradec\/\" \/>\n<meta property=\"og:locale\" content=\"en_US\" \/>\n<meta property=\"og:type\" content=\"article\" \/>\n<meta property=\"og:title\" content=\"Mesto Gradec - Maja - stories\" \/>\n<meta property=\"og:description\" content=\"Gradec je mesto, ki nima dunajske noblese ali Salzbur\u0161kega glasbenega pridiha. To mesto ima nekaj zapeljivega...\" \/>\n<meta property=\"og:url\" content=\"https:\/\/maja.sara.si\/wordpress\/mesto-gradec\/\" \/>\n<meta property=\"og:site_name\" content=\"Maja - stories\" \/>\n<meta property=\"article:published_time\" content=\"2023-01-24T13:28:12+00:00\" \/>\n<meta property=\"og:image\" content=\"https:\/\/maja.sara.si\/wordpress\/wp-content\/uploads\/2023\/01\/road-g7090a21fc_640.jpg\" \/>\n\t<meta property=\"og:image:width\" content=\"640\" \/>\n\t<meta property=\"og:image:height\" content=\"372\" \/>\n\t<meta property=\"og:image:type\" content=\"image\/jpeg\" \/>\n<meta name=\"author\" content=\"admin\" \/>\n<meta name=\"twitter:card\" content=\"summary_large_image\" \/>\n<meta name=\"twitter:label1\" content=\"Written by\" \/>\n\t<meta name=\"twitter:data1\" content=\"admin\" \/>\n\t<meta name=\"twitter:label2\" content=\"Est. reading time\" \/>\n\t<meta name=\"twitter:data2\" content=\"3 minutes\" \/>\n<script type=\"application\/ld+json\" class=\"yoast-schema-graph\">{\"@context\":\"https:\/\/schema.org\",\"@graph\":[{\"@type\":\"Article\",\"@id\":\"https:\/\/maja.sara.si\/wordpress\/mesto-gradec\/#article\",\"isPartOf\":{\"@id\":\"https:\/\/maja.sara.si\/wordpress\/mesto-gradec\/\"},\"author\":{\"name\":\"admin\",\"@id\":\"https:\/\/maja.sara.si\/wordpress\/#\/schema\/person\/901a3aa1fc8028e54598b61e147adbe3\"},\"headline\":\"Mesto Gradec\",\"datePublished\":\"2023-01-24T13:28:12+00:00\",\"mainEntityOfPage\":{\"@id\":\"https:\/\/maja.sara.si\/wordpress\/mesto-gradec\/\"},\"wordCount\":288,\"commentCount\":3,\"publisher\":{\"@id\":\"https:\/\/maja.sara.si\/wordpress\/#organization\"},\"image\":{\"@id\":\"https:\/\/maja.sara.si\/wordpress\/mesto-gradec\/#primaryimage\"},\"thumbnailUrl\":\"https:\/\/maja.sara.si\/wordpress\/wp-content\/uploads\/2023\/01\/road-g7090a21fc_640.jpg\",\"keywords\":[\"Graz\",\"mesto\",\"potovanja\"],\"articleSection\":[\"travel\"],\"inLanguage\":\"en-US\",\"potentialAction\":[{\"@type\":\"CommentAction\",\"name\":\"Comment\",\"target\":[\"https:\/\/maja.sara.si\/wordpress\/mesto-gradec\/#respond\"]}]},{\"@type\":\"WebPage\",\"@id\":\"https:\/\/maja.sara.si\/wordpress\/mesto-gradec\/\",\"url\":\"https:\/\/maja.sara.si\/wordpress\/mesto-gradec\/\",\"name\":\"Mesto Gradec - Maja - stories\",\"isPartOf\":{\"@id\":\"https:\/\/maja.sara.si\/wordpress\/#website\"},\"primaryImageOfPage\":{\"@id\":\"https:\/\/maja.sara.si\/wordpress\/mesto-gradec\/#primaryimage\"},\"image\":{\"@id\":\"https:\/\/maja.sara.si\/wordpress\/mesto-gradec\/#primaryimage\"},\"thumbnailUrl\":\"https:\/\/maja.sara.si\/wordpress\/wp-content\/uploads\/2023\/01\/road-g7090a21fc_640.jpg\",\"datePublished\":\"2023-01-24T13:28:12+00:00\",\"description\":\"Gradec je mesto, ki nima dunajske noblese ali Salzbur\u0161kega glasbenega pridiha. To mesto ima nekaj zapeljivega...\",\"breadcrumb\":{\"@id\":\"https:\/\/maja.sara.si\/wordpress\/mesto-gradec\/#breadcrumb\"},\"inLanguage\":\"en-US\",\"potentialAction\":[{\"@type\":\"ReadAction\",\"target\":[\"https:\/\/maja.sara.si\/wordpress\/mesto-gradec\/\"]}]},{\"@type\":\"ImageObject\",\"inLanguage\":\"en-US\",\"@id\":\"https:\/\/maja.sara.si\/wordpress\/mesto-gradec\/#primaryimage\",\"url\":\"https:\/\/maja.sara.si\/wordpress\/wp-content\/uploads\/2023\/01\/road-g7090a21fc_640.jpg\",\"contentUrl\":\"https:\/\/maja.sara.si\/wordpress\/wp-content\/uploads\/2023\/01\/road-g7090a21fc_640.jpg\",\"width\":640,\"height\":372,\"caption\":\"mesto Gradec\"},{\"@type\":\"BreadcrumbList\",\"@id\":\"https:\/\/maja.sara.si\/wordpress\/mesto-gradec\/#breadcrumb\",\"itemListElement\":[{\"@type\":\"ListItem\",\"position\":1,\"name\":\"Home\",\"item\":\"https:\/\/maja.sara.si\/wordpress\/\"},{\"@type\":\"ListItem\",\"position\":2,\"name\":\"Mesto Gradec\"}]},{\"@type\":\"WebSite\",\"@id\":\"https:\/\/maja.sara.si\/wordpress\/#website\",\"url\":\"https:\/\/maja.sara.si\/wordpress\/\",\"name\":\"Maja - stories\",\"description\":\"\",\"publisher\":{\"@id\":\"https:\/\/maja.sara.si\/wordpress\/#organization\"},\"potentialAction\":[{\"@type\":\"SearchAction\",\"target\":{\"@type\":\"EntryPoint\",\"urlTemplate\":\"https:\/\/maja.sara.si\/wordpress\/?s={search_term_string}\"},\"query-input\":{\"@type\":\"PropertyValueSpecification\",\"valueRequired\":true,\"valueName\":\"search_term_string\"}}],\"inLanguage\":\"en-US\"},{\"@type\":\"Organization\",\"@id\":\"https:\/\/maja.sara.si\/wordpress\/#organization\",\"name\":\"SARA\",\"url\":\"https:\/\/maja.sara.si\/wordpress\/\",\"logo\":{\"@type\":\"ImageObject\",\"inLanguage\":\"en-US\",\"@id\":\"https:\/\/maja.sara.si\/wordpress\/#\/schema\/logo\/image\/\",\"url\":\"https:\/\/maja.sara.si\/wordpress\/wp-content\/uploads\/2023\/01\/pexels-jan-van-der-wolf-11672652.jpg\",\"contentUrl\":\"https:\/\/maja.sara.si\/wordpress\/wp-content\/uploads\/2023\/01\/pexels-jan-van-der-wolf-11672652.jpg\",\"width\":400,\"height\":266,\"caption\":\"SARA\"},\"image\":{\"@id\":\"https:\/\/maja.sara.si\/wordpress\/#\/schema\/logo\/image\/\"}},{\"@type\":\"Person\",\"@id\":\"https:\/\/maja.sara.si\/wordpress\/#\/schema\/person\/901a3aa1fc8028e54598b61e147adbe3\",\"name\":\"admin\",\"image\":{\"@type\":\"ImageObject\",\"inLanguage\":\"en-US\",\"@id\":\"https:\/\/maja.sara.si\/wordpress\/#\/schema\/person\/image\/\",\"url\":\"https:\/\/secure.gravatar.com\/avatar\/20ef29a15973ee8e019ea7478468a9a412eb3b0f11b1dd010ad2645d8f9895b9?s=96&d=mm&r=g\",\"contentUrl\":\"https:\/\/secure.gravatar.com\/avatar\/20ef29a15973ee8e019ea7478468a9a412eb3b0f11b1dd010ad2645d8f9895b9?s=96&d=mm&r=g\",\"caption\":\"admin\"},\"sameAs\":[\"https:\/\/maja.sara.si\/wordpress\"],\"url\":\"https:\/\/maja.sara.si\/wordpress\/author\/admin\/\"}]}<\/script>\n<!-- \/ Yoast SEO plugin. -->","yoast_head_json":{"title":"Mesto Gradec - Maja - stories","description":"Gradec je mesto, ki nima dunajske noblese ali Salzbur\u0161kega glasbenega pridiha. To mesto ima nekaj zapeljivega...","robots":{"index":"index","follow":"follow","max-snippet":"max-snippet:-1","max-image-preview":"max-image-preview:large","max-video-preview":"max-video-preview:-1"},"canonical":"https:\/\/maja.sara.si\/wordpress\/mesto-gradec\/","og_locale":"en_US","og_type":"article","og_title":"Mesto Gradec - Maja - stories","og_description":"Gradec je mesto, ki nima dunajske noblese ali Salzbur\u0161kega glasbenega pridiha. To mesto ima nekaj zapeljivega...","og_url":"https:\/\/maja.sara.si\/wordpress\/mesto-gradec\/","og_site_name":"Maja - stories","article_published_time":"2023-01-24T13:28:12+00:00","og_image":[{"width":640,"height":372,"url":"https:\/\/maja.sara.si\/wordpress\/wp-content\/uploads\/2023\/01\/road-g7090a21fc_640.jpg","type":"image\/jpeg"}],"author":"admin","twitter_card":"summary_large_image","twitter_misc":{"Written by":"admin","Est. reading time":"3 minutes"},"schema":{"@context":"https:\/\/schema.org","@graph":[{"@type":"Article","@id":"https:\/\/maja.sara.si\/wordpress\/mesto-gradec\/#article","isPartOf":{"@id":"https:\/\/maja.sara.si\/wordpress\/mesto-gradec\/"},"author":{"name":"admin","@id":"https:\/\/maja.sara.si\/wordpress\/#\/schema\/person\/901a3aa1fc8028e54598b61e147adbe3"},"headline":"Mesto Gradec","datePublished":"2023-01-24T13:28:12+00:00","mainEntityOfPage":{"@id":"https:\/\/maja.sara.si\/wordpress\/mesto-gradec\/"},"wordCount":288,"commentCount":3,"publisher":{"@id":"https:\/\/maja.sara.si\/wordpress\/#organization"},"image":{"@id":"https:\/\/maja.sara.si\/wordpress\/mesto-gradec\/#primaryimage"},"thumbnailUrl":"https:\/\/maja.sara.si\/wordpress\/wp-content\/uploads\/2023\/01\/road-g7090a21fc_640.jpg","keywords":["Graz","mesto","potovanja"],"articleSection":["travel"],"inLanguage":"en-US","potentialAction":[{"@type":"CommentAction","name":"Comment","target":["https:\/\/maja.sara.si\/wordpress\/mesto-gradec\/#respond"]}]},{"@type":"WebPage","@id":"https:\/\/maja.sara.si\/wordpress\/mesto-gradec\/","url":"https:\/\/maja.sara.si\/wordpress\/mesto-gradec\/","name":"Mesto Gradec - Maja - stories","isPartOf":{"@id":"https:\/\/maja.sara.si\/wordpress\/#website"},"primaryImageOfPage":{"@id":"https:\/\/maja.sara.si\/wordpress\/mesto-gradec\/#primaryimage"},"image":{"@id":"https:\/\/maja.sara.si\/wordpress\/mesto-gradec\/#primaryimage"},"thumbnailUrl":"https:\/\/maja.sara.si\/wordpress\/wp-content\/uploads\/2023\/01\/road-g7090a21fc_640.jpg","datePublished":"2023-01-24T13:28:12+00:00","description":"Gradec je mesto, ki nima dunajske noblese ali Salzbur\u0161kega glasbenega pridiha. To mesto ima nekaj zapeljivega...","breadcrumb":{"@id":"https:\/\/maja.sara.si\/wordpress\/mesto-gradec\/#breadcrumb"},"inLanguage":"en-US","potentialAction":[{"@type":"ReadAction","target":["https:\/\/maja.sara.si\/wordpress\/mesto-gradec\/"]}]},{"@type":"ImageObject","inLanguage":"en-US","@id":"https:\/\/maja.sara.si\/wordpress\/mesto-gradec\/#primaryimage","url":"https:\/\/maja.sara.si\/wordpress\/wp-content\/uploads\/2023\/01\/road-g7090a21fc_640.jpg","contentUrl":"https:\/\/maja.sara.si\/wordpress\/wp-content\/uploads\/2023\/01\/road-g7090a21fc_640.jpg","width":640,"height":372,"caption":"mesto Gradec"},{"@type":"BreadcrumbList","@id":"https:\/\/maja.sara.si\/wordpress\/mesto-gradec\/#breadcrumb","itemListElement":[{"@type":"ListItem","position":1,"name":"Home","item":"https:\/\/maja.sara.si\/wordpress\/"},{"@type":"ListItem","position":2,"name":"Mesto Gradec"}]},{"@type":"WebSite","@id":"https:\/\/maja.sara.si\/wordpress\/#website","url":"https:\/\/maja.sara.si\/wordpress\/","name":"Maja - stories","description":"","publisher":{"@id":"https:\/\/maja.sara.si\/wordpress\/#organization"},"potentialAction":[{"@type":"SearchAction","target":{"@type":"EntryPoint","urlTemplate":"https:\/\/maja.sara.si\/wordpress\/?s={search_term_string}"},"query-input":{"@type":"PropertyValueSpecification","valueRequired":true,"valueName":"search_term_string"}}],"inLanguage":"en-US"},{"@type":"Organization","@id":"https:\/\/maja.sara.si\/wordpress\/#organization","name":"SARA","url":"https:\/\/maja.sara.si\/wordpress\/","logo":{"@type":"ImageObject","inLanguage":"en-US","@id":"https:\/\/maja.sara.si\/wordpress\/#\/schema\/logo\/image\/","url":"https:\/\/maja.sara.si\/wordpress\/wp-content\/uploads\/2023\/01\/pexels-jan-van-der-wolf-11672652.jpg","contentUrl":"https:\/\/maja.sara.si\/wordpress\/wp-content\/uploads\/2023\/01\/pexels-jan-van-der-wolf-11672652.jpg","width":400,"height":266,"caption":"SARA"},"image":{"@id":"https:\/\/maja.sara.si\/wordpress\/#\/schema\/logo\/image\/"}},{"@type":"Person","@id":"https:\/\/maja.sara.si\/wordpress\/#\/schema\/person\/901a3aa1fc8028e54598b61e147adbe3","name":"admin","image":{"@type":"ImageObject","inLanguage":"en-US","@id":"https:\/\/maja.sara.si\/wordpress\/#\/schema\/person\/image\/","url":"https:\/\/secure.gravatar.com\/avatar\/20ef29a15973ee8e019ea7478468a9a412eb3b0f11b1dd010ad2645d8f9895b9?s=96&d=mm&r=g","contentUrl":"https:\/\/secure.gravatar.com\/avatar\/20ef29a15973ee8e019ea7478468a9a412eb3b0f11b1dd010ad2645d8f9895b9?s=96&d=mm&r=g","caption":"admin"},"sameAs":["https:\/\/maja.sara.si\/wordpress"],"url":"https:\/\/maja.sara.si\/wordpress\/author\/admin\/"}]}},"_links":{"self":[{"href":"https:\/\/maja.sara.si\/wordpress\/wp-json\/wp\/v2\/posts\/368","targetHints":{"allow":["GET"]}}],"collection":[{"href":"https:\/\/maja.sara.si\/wordpress\/wp-json\/wp\/v2\/posts"}],"about":[{"href":"https:\/\/maja.sara.si\/wordpress\/wp-json\/wp\/v2\/types\/post"}],"author":[{"embeddable":true,"href":"https:\/\/maja.sara.si\/wordpress\/wp-json\/wp\/v2\/users\/1"}],"replies":[{"embeddable":true,"href":"https:\/\/maja.sara.si\/wordpress\/wp-json\/wp\/v2\/comments?post=368"}],"version-history":[{"count":43,"href":"https:\/\/maja.sara.si\/wordpress\/wp-json\/wp\/v2\/posts\/368\/revisions"}],"predecessor-version":[{"id":536,"href":"https:\/\/maja.sara.si\/wordpress\/wp-json\/wp\/v2\/posts\/368\/revisions\/536"}],"wp:featuredmedia":[{"embeddable":true,"href":"https:\/\/maja.sara.si\/wordpress\/wp-json\/wp\/v2\/media\/381"}],"wp:attachment":[{"href":"https:\/\/maja.sara.si\/wordpress\/wp-json\/wp\/v2\/media?parent=368"}],"wp:term":[{"taxonomy":"category","embeddable":true,"href":"https:\/\/maja.sara.si\/wordpress\/wp-json\/wp\/v2\/categories?post=368"},{"taxonomy":"post_tag","embeddable":true,"href":"https:\/\/maja.sara.si\/wordpress\/wp-json\/wp\/v2\/tags?post=368"}],"curies":[{"name":"wp","href":"https:\/\/api.w.org\/{rel}","templated":true}]}}