{"id":824,"date":"2023-02-16T14:01:28","date_gmt":"2023-02-16T14:01:28","guid":{"rendered":"https:\/\/maja.sara.si\/wordpress\/?p=824"},"modified":"2023-04-24T09:21:41","modified_gmt":"2023-04-24T09:21:41","slug":"dass-gewicht-schnellstenst-verieren-kann","status":"publish","type":"post","link":"https:\/\/maja.sara.si\/wordpress\/dass-gewicht-schnellstenst-verieren-kann\/","title":{"rendered":"dass Gewicht schnellstenst verieren"},"content":{"rendered":"\t\t<div data-elementor-type=\"wp-post\" data-elementor-id=\"824\" class=\"elementor elementor-824\">\n\t\t\t\t\t\t<section class=\"elementor-section elementor-top-section elementor-element elementor-element-9e56676 elementor-section-boxed elementor-section-height-default elementor-section-height-default\" data-id=\"9e56676\" data-element_type=\"section\">\n\t\t\t\t\t\t<div class=\"elementor-container elementor-column-gap-default\">\n\t\t\t\t\t<div class=\"elementor-column elementor-col-100 elementor-top-column elementor-element elementor-element-b7007a7\" data-id=\"b7007a7\" data-element_type=\"column\">\n\t\t\t<div class=\"elementor-widget-wrap elementor-element-populated\">\n\t\t\t\t\t\t<div class=\"elementor-element elementor-element-5c35c57 elementor-widget elementor-widget-image\" data-id=\"5c35c57\" data-element_type=\"widget\" data-widget_type=\"image.default\">\n\t\t\t\t<div class=\"elementor-widget-container\">\n\t\t\t\t\t\t\t\t\t\t\t\t\t\t\t<img fetchpriority=\"high\" decoding=\"async\" width=\"342\" height=\"500\" src=\"https:\/\/maja.sara.si\/wordpress\/wp-content\/uploads\/2023\/02\/pexels-pixabay-414262.jpg\" class=\"attachment-medium size-medium wp-image-829\" alt=\"Gewicht verlieren\" \/>\t\t\t\t\t\t\t\t\t\t\t\t\t\t\t<\/div>\n\t\t\t\t<\/div>\n\t\t\t\t\t<\/div>\n\t\t<\/div>\n\t\t\t\t\t<\/div>\n\t\t<\/section>\n\t\t\t\t<section class=\"elementor-section elementor-top-section elementor-element elementor-element-c23fbb9 elementor-section-boxed elementor-section-height-default elementor-section-height-default\" data-id=\"c23fbb9\" data-element_type=\"section\">\n\t\t\t\t\t\t<div class=\"elementor-container elementor-column-gap-default\">\n\t\t\t\t\t<div class=\"elementor-column elementor-col-100 elementor-top-column elementor-element elementor-element-638046e\" data-id=\"638046e\" data-element_type=\"column\">\n\t\t\t<div class=\"elementor-widget-wrap elementor-element-populated\">\n\t\t\t\t\t\t<div class=\"elementor-element elementor-element-c6e99b6 elementor-widget elementor-widget-text-editor\" data-id=\"c6e99b6\" data-element_type=\"widget\" data-widget_type=\"text-editor.default\">\n\t\t\t\t<div class=\"elementor-widget-container\">\n\t\t\t\t\t\t\t\t\t<h2><span lang=\"DE\">dass Gewicht schnellstenst verlieren&nbsp;<\/span><\/h2>\n<p><span lang=\"DE\">Gewichtsverlust ist ein Thema das viele Menschen besch\u00e4ftigt. Besonders in der heutigen schnelllebigen Welt suchen viele nach schnellen L<\/span><span lang=\"DE\">\u00f6<\/span><span lang=\"DE\">sungen, um Gewicht zu verlieren. Eine M\u00f6glichkeit dass Gewicht schnellstenst verlieren ist das sogenanntes <b>Fasten<\/b>.<\/span><\/p>\n<p><span lang=\"DE\">Das Fasten bezieht sich auf verschiedene Methoden, bei denen man f\u00fcr eine bestimmte Zeitperiode fastet. In dieser Zeit isst man nichts oder nur sehr wenig, um den K\u00f6rper dazu zu bringen, Fett als Energiequelle zu nutzen und somit Gewicht zu verlieren.<\/span><\/p>\n<p><span lang=\"DE\">Es gibt verschiedene Arten des Fastens. Eine beliebte Methode ist das<b> <a href=\"https:\/\/www.zentrum-der-gesundheit.de\/bibliothek\/abnehmen\/fasten-uebersicht\/intermittierendes-fasten\" target=\"_blank\" rel=\"noopener\">intermittierende Fasten<\/a><\/b>, bei den man eine bestimmte Zeit lang fastet, gefolgt von einer Zeit, in der man normal isst. Eine andre Methode um das&nbsp;Gewicht schnellstenst zu verlieren ist<b> das Saftfasten<\/b>, bei dem man nur Safte und Br\u00fchen trink, um den K\u00f6rper zu entgiften und Gewicht zu verlieren.<\/span><\/p>\n<p><span lang=\"DE\">Beim Fasten ist es wichtig, <b>sich gesund und ausgewogen zu ern\u00e4hren<\/b>, wenn man nicht fastet. Dieses bedeutet, dass man viel Obst und Gem\u00fcse, Vollkornprodukte und mageres Eiwei\u00df zu sich nehmen sollte. Auf diese Weise stellt man es sicher, dass man alle notwendigen N\u00e4hrstoffe erhalt um gesund zu bleiben und den Gewichtsverlust aufrechtzuhalten. Es ist auch wichtig, regelm\u00e4\u00dfig Sport zu treiben, um den Stoffwechsel anzukurbeln und Fett zu verbrennen und Muskeln aufzubauen.&nbsp;<\/span><\/p>\n<p><span lang=\"DE\">Allerdings sollte man beim Fasten vorsichtig sein. Wenn man zu lange fastet oder zu wenig isst, kann dieses zu gesundheitlichen Problemen f<\/span><span lang=\"DE\">\u00fc<\/span><span lang=\"DE\">hren. Es ist<b> wichtig auf die Signale des K\u00f6rpers zu achten <\/b>und wenn n\u00f6tig, einen Arzt oder Ernahrungsberater zu kons<\/span><span lang=\"DE\">u<\/span><span lang=\"DE\">ltieren.<\/span><\/p>\n<p><span lang=\"DE\">Insgesamt kann Fasten eine schnelle und effektive M\u00f6glichkeit sein um Gewicht zu verlieren. Es ist jedoch wichtig, sich gesund zu Ern\u00e4hren <b>und Sport zu treiben<\/b>, um den Gewichtverlust aufrechtzuerhalten und gesund zu bleiben.<\/span><\/p>\n<p><span lang=\"DE\">&nbsp;<\/span><\/p>\n<p><span lang=\"EN-US\">&nbsp;<\/span><\/p>\t\t\t\t\t\t\t\t<\/div>\n\t\t\t\t<\/div>\n\t\t\t\t\t<\/div>\n\t\t<\/div>\n\t\t\t\t\t<\/div>\n\t\t<\/section>\n\t\t\t\t<section class=\"elementor-section elementor-top-section elementor-element elementor-element-7cdf9b2 elementor-section-boxed elementor-section-height-default elementor-section-height-default\" data-id=\"7cdf9b2\" data-element_type=\"section\">\n\t\t\t\t\t\t<div class=\"elementor-container elementor-column-gap-default\">\n\t\t\t\t\t<div class=\"elementor-column elementor-col-33 elementor-top-column elementor-element elementor-element-ce91f2e\" data-id=\"ce91f2e\" data-element_type=\"column\">\n\t\t\t<div class=\"elementor-widget-wrap elementor-element-populated\">\n\t\t\t\t\t\t<div class=\"elementor-element elementor-element-638ef72 elementor-widget elementor-widget-image\" data-id=\"638ef72\" data-element_type=\"widget\" data-widget_type=\"image.default\">\n\t\t\t\t<div class=\"elementor-widget-container\">\n\t\t\t\t\t\t\t\t\t\t\t\t\t\t\t<img decoding=\"async\" width=\"167\" height=\"250\" src=\"https:\/\/maja.sara.si\/wordpress\/wp-content\/uploads\/2023\/02\/pexels-alesia-kozik-6072108.jpg\" class=\"attachment-thumbnail size-thumbnail wp-image-826\" alt=\"Supe\" \/>\t\t\t\t\t\t\t\t\t\t\t\t\t\t\t<\/div>\n\t\t\t\t<\/div>\n\t\t\t\t\t<\/div>\n\t\t<\/div>\n\t\t\t\t<div class=\"elementor-column elementor-col-33 elementor-top-column elementor-element elementor-element-14c74a4\" data-id=\"14c74a4\" data-element_type=\"column\">\n\t\t\t<div class=\"elementor-widget-wrap elementor-element-populated\">\n\t\t\t\t\t\t<div class=\"elementor-element elementor-element-05ab47b elementor-widget elementor-widget-image\" data-id=\"05ab47b\" data-element_type=\"widget\" data-widget_type=\"image.default\">\n\t\t\t\t<div class=\"elementor-widget-container\">\n\t\t\t\t\t\t\t\t\t\t\t\t\t\t\t<img decoding=\"async\" width=\"167\" height=\"250\" src=\"https:\/\/maja.sara.si\/wordpress\/wp-content\/uploads\/2023\/02\/pexels-arina-krasnikova-7377099.jpg\" class=\"attachment-thumbnail size-thumbnail wp-image-827\" alt=\"orange juice\" \/>\t\t\t\t\t\t\t\t\t\t\t\t\t\t\t<\/div>\n\t\t\t\t<\/div>\n\t\t\t\t\t<\/div>\n\t\t<\/div>\n\t\t\t\t<div class=\"elementor-column elementor-col-33 elementor-top-column elementor-element elementor-element-12c1de0\" data-id=\"12c1de0\" data-element_type=\"column\">\n\t\t\t<div class=\"elementor-widget-wrap elementor-element-populated\">\n\t\t\t\t\t\t<div class=\"elementor-element elementor-element-32b7391 elementor-widget elementor-widget-image\" data-id=\"32b7391\" data-element_type=\"widget\" data-widget_type=\"image.default\">\n\t\t\t\t<div class=\"elementor-widget-container\">\n\t\t\t\t\t\t\t\t\t\t\t\t\t\t\t<img loading=\"lazy\" decoding=\"async\" width=\"250\" height=\"250\" src=\"https:\/\/maja.sara.si\/wordpress\/wp-content\/uploads\/2023\/02\/pexels-foodie-factor-539451-250x250.jpg\" class=\"attachment-thumbnail size-thumbnail wp-image-828\" alt=\"Fasten\" srcset=\"https:\/\/maja.sara.si\/wordpress\/wp-content\/uploads\/2023\/02\/pexels-foodie-factor-539451-250x250.jpg 250w, https:\/\/maja.sara.si\/wordpress\/wp-content\/uploads\/2023\/02\/pexels-foodie-factor-539451-300x300.jpg 300w, https:\/\/maja.sara.si\/wordpress\/wp-content\/uploads\/2023\/02\/pexels-foodie-factor-539451-100x100.jpg 100w\" sizes=\"(max-width: 250px) 100vw, 250px\" \/>\t\t\t\t\t\t\t\t\t\t\t\t\t\t\t<\/div>\n\t\t\t\t<\/div>\n\t\t\t\t\t<\/div>\n\t\t<\/div>\n\t\t\t\t\t<\/div>\n\t\t<\/section>\n\t\t\t\t<\/div>\n\t\t","protected":false},"excerpt":{"rendered":"<p>dass Gewicht schnellstenst verlieren Gewichtsverlust ist ein Thema das viele Menschen besch\u00e4ftigt. Besonders in der heutigen schnelllebigen Welt suchen viele nach schnellen L\u00f6sungen, um Gewicht zu verlieren. Eine M\u00f6glichkeit dass Gewicht schnellstenst verlieren ist das sogenanntes Fasten. Das Fasten bezieht sich auf verschiedene Methoden, bei denen man f\u00fcr eine bestimmte Zeitperiode fastet. In dieser Zeit [&hellip;]<\/p>\n","protected":false},"author":1,"featured_media":829,"comment_status":"open","ping_status":"open","sticky":false,"template":"","format":"standard","meta":{"footnotes":""},"categories":[34,30],"tags":[70,69,68,67,66,71,59],"class_list":{"0":"post-824","1":"post","2":"type-post","3":"status-publish","4":"format-standard","5":"has-post-thumbnail","7":"category-party","8":"category-travel","9":"tag-gewichtverlieren","10":"tag-gewichtverlierenschnell","11":"tag-juice","12":"tag-loseweight","13":"tag-soup","14":"tag-suppe","15":"tag-vacations","16":"czr-hentry"},"yoast_head":"<!-- This site is optimized with the Yoast SEO plugin v24.6 - https:\/\/yoast.com\/wordpress\/plugins\/seo\/ -->\n<title>dass Gewicht schnellstenst verieren - Maja - stories<\/title>\n<meta name=\"description\" content=\"Wie mann dass Gewicht schnellstenst verlieren verieren kann ist ein Thema das viele Menschen besch\u00e4ftigt. Besonders in der heutigen Welt\" \/>\n<meta name=\"robots\" content=\"index, follow, max-snippet:-1, max-image-preview:large, max-video-preview:-1\" \/>\n<link rel=\"canonical\" href=\"https:\/\/maja.sara.si\/wordpress\/dass-gewicht-schnellstenst-verieren-kann\/\" \/>\n<meta property=\"og:locale\" content=\"en_US\" \/>\n<meta property=\"og:type\" content=\"article\" \/>\n<meta property=\"og:title\" content=\"dass Gewicht schnellstenst verieren - Maja - stories\" \/>\n<meta property=\"og:description\" content=\"Wie mann dass Gewicht schnellstenst verlieren verieren kann ist ein Thema das viele Menschen besch\u00e4ftigt. Besonders in der heutigen Welt\" \/>\n<meta property=\"og:url\" content=\"https:\/\/maja.sara.si\/wordpress\/dass-gewicht-schnellstenst-verieren-kann\/\" \/>\n<meta property=\"og:site_name\" content=\"Maja - stories\" \/>\n<meta property=\"article:published_time\" content=\"2023-02-16T14:01:28+00:00\" \/>\n<meta property=\"article:modified_time\" content=\"2023-04-24T09:21:41+00:00\" \/>\n<meta property=\"og:image\" content=\"https:\/\/maja.sara.si\/wordpress\/wp-content\/uploads\/2023\/02\/pexels-pixabay-414262.jpg\" \/>\n\t<meta property=\"og:image:width\" content=\"600\" \/>\n\t<meta property=\"og:image:height\" content=\"877\" \/>\n\t<meta property=\"og:image:type\" content=\"image\/jpeg\" \/>\n<meta name=\"author\" content=\"admin\" \/>\n<meta name=\"twitter:card\" content=\"summary_large_image\" \/>\n<meta name=\"twitter:label1\" content=\"Written by\" \/>\n\t<meta name=\"twitter:data1\" content=\"admin\" \/>\n\t<meta name=\"twitter:label2\" content=\"Est. reading time\" \/>\n\t<meta name=\"twitter:data2\" content=\"3 minutes\" \/>\n<script type=\"application\/ld+json\" class=\"yoast-schema-graph\">{\"@context\":\"https:\/\/schema.org\",\"@graph\":[{\"@type\":\"Article\",\"@id\":\"https:\/\/maja.sara.si\/wordpress\/dass-gewicht-schnellstenst-verieren-kann\/#article\",\"isPartOf\":{\"@id\":\"https:\/\/maja.sara.si\/wordpress\/dass-gewicht-schnellstenst-verieren-kann\/\"},\"author\":{\"name\":\"admin\",\"@id\":\"https:\/\/maja.sara.si\/wordpress\/#\/schema\/person\/901a3aa1fc8028e54598b61e147adbe3\"},\"headline\":\"dass Gewicht schnellstenst verieren\",\"datePublished\":\"2023-02-16T14:01:28+00:00\",\"dateModified\":\"2023-04-24T09:21:41+00:00\",\"mainEntityOfPage\":{\"@id\":\"https:\/\/maja.sara.si\/wordpress\/dass-gewicht-schnellstenst-verieren-kann\/\"},\"wordCount\":304,\"commentCount\":0,\"publisher\":{\"@id\":\"https:\/\/maja.sara.si\/wordpress\/#organization\"},\"image\":{\"@id\":\"https:\/\/maja.sara.si\/wordpress\/dass-gewicht-schnellstenst-verieren-kann\/#primaryimage\"},\"thumbnailUrl\":\"https:\/\/maja.sara.si\/wordpress\/wp-content\/uploads\/2023\/02\/pexels-pixabay-414262.jpg\",\"keywords\":[\"#Gewichtverlieren#\",\"#Gewichtverlierenschnell\",\"#juice\",\"#loseweight\",\"#Soup\",\"#Suppe\",\"vacations\"],\"articleSection\":[\"Party\",\"travel\"],\"inLanguage\":\"en-US\",\"potentialAction\":[{\"@type\":\"CommentAction\",\"name\":\"Comment\",\"target\":[\"https:\/\/maja.sara.si\/wordpress\/dass-gewicht-schnellstenst-verieren-kann\/#respond\"]}]},{\"@type\":\"WebPage\",\"@id\":\"https:\/\/maja.sara.si\/wordpress\/dass-gewicht-schnellstenst-verieren-kann\/\",\"url\":\"https:\/\/maja.sara.si\/wordpress\/dass-gewicht-schnellstenst-verieren-kann\/\",\"name\":\"dass Gewicht schnellstenst verieren - Maja - stories\",\"isPartOf\":{\"@id\":\"https:\/\/maja.sara.si\/wordpress\/#website\"},\"primaryImageOfPage\":{\"@id\":\"https:\/\/maja.sara.si\/wordpress\/dass-gewicht-schnellstenst-verieren-kann\/#primaryimage\"},\"image\":{\"@id\":\"https:\/\/maja.sara.si\/wordpress\/dass-gewicht-schnellstenst-verieren-kann\/#primaryimage\"},\"thumbnailUrl\":\"https:\/\/maja.sara.si\/wordpress\/wp-content\/uploads\/2023\/02\/pexels-pixabay-414262.jpg\",\"datePublished\":\"2023-02-16T14:01:28+00:00\",\"dateModified\":\"2023-04-24T09:21:41+00:00\",\"description\":\"Wie mann dass Gewicht schnellstenst verlieren verieren kann ist ein Thema das viele Menschen besch\u00e4ftigt. Besonders in der heutigen Welt\",\"breadcrumb\":{\"@id\":\"https:\/\/maja.sara.si\/wordpress\/dass-gewicht-schnellstenst-verieren-kann\/#breadcrumb\"},\"inLanguage\":\"en-US\",\"potentialAction\":[{\"@type\":\"ReadAction\",\"target\":[\"https:\/\/maja.sara.si\/wordpress\/dass-gewicht-schnellstenst-verieren-kann\/\"]}]},{\"@type\":\"ImageObject\",\"inLanguage\":\"en-US\",\"@id\":\"https:\/\/maja.sara.si\/wordpress\/dass-gewicht-schnellstenst-verieren-kann\/#primaryimage\",\"url\":\"https:\/\/maja.sara.si\/wordpress\/wp-content\/uploads\/2023\/02\/pexels-pixabay-414262.jpg\",\"contentUrl\":\"https:\/\/maja.sara.si\/wordpress\/wp-content\/uploads\/2023\/02\/pexels-pixabay-414262.jpg\",\"width\":600,\"height\":877,\"caption\":\"Gewicht verlieren\"},{\"@type\":\"BreadcrumbList\",\"@id\":\"https:\/\/maja.sara.si\/wordpress\/dass-gewicht-schnellstenst-verieren-kann\/#breadcrumb\",\"itemListElement\":[{\"@type\":\"ListItem\",\"position\":1,\"name\":\"Home\",\"item\":\"https:\/\/maja.sara.si\/wordpress\/\"},{\"@type\":\"ListItem\",\"position\":2,\"name\":\"dass Gewicht schnellstenst verieren\"}]},{\"@type\":\"WebSite\",\"@id\":\"https:\/\/maja.sara.si\/wordpress\/#website\",\"url\":\"https:\/\/maja.sara.si\/wordpress\/\",\"name\":\"Maja - stories\",\"description\":\"\",\"publisher\":{\"@id\":\"https:\/\/maja.sara.si\/wordpress\/#organization\"},\"potentialAction\":[{\"@type\":\"SearchAction\",\"target\":{\"@type\":\"EntryPoint\",\"urlTemplate\":\"https:\/\/maja.sara.si\/wordpress\/?s={search_term_string}\"},\"query-input\":{\"@type\":\"PropertyValueSpecification\",\"valueRequired\":true,\"valueName\":\"search_term_string\"}}],\"inLanguage\":\"en-US\"},{\"@type\":\"Organization\",\"@id\":\"https:\/\/maja.sara.si\/wordpress\/#organization\",\"name\":\"SARA\",\"url\":\"https:\/\/maja.sara.si\/wordpress\/\",\"logo\":{\"@type\":\"ImageObject\",\"inLanguage\":\"en-US\",\"@id\":\"https:\/\/maja.sara.si\/wordpress\/#\/schema\/logo\/image\/\",\"url\":\"https:\/\/maja.sara.si\/wordpress\/wp-content\/uploads\/2023\/01\/pexels-jan-van-der-wolf-11672652.jpg\",\"contentUrl\":\"https:\/\/maja.sara.si\/wordpress\/wp-content\/uploads\/2023\/01\/pexels-jan-van-der-wolf-11672652.jpg\",\"width\":400,\"height\":266,\"caption\":\"SARA\"},\"image\":{\"@id\":\"https:\/\/maja.sara.si\/wordpress\/#\/schema\/logo\/image\/\"}},{\"@type\":\"Person\",\"@id\":\"https:\/\/maja.sara.si\/wordpress\/#\/schema\/person\/901a3aa1fc8028e54598b61e147adbe3\",\"name\":\"admin\",\"image\":{\"@type\":\"ImageObject\",\"inLanguage\":\"en-US\",\"@id\":\"https:\/\/maja.sara.si\/wordpress\/#\/schema\/person\/image\/\",\"url\":\"https:\/\/secure.gravatar.com\/avatar\/20ef29a15973ee8e019ea7478468a9a412eb3b0f11b1dd010ad2645d8f9895b9?s=96&d=mm&r=g\",\"contentUrl\":\"https:\/\/secure.gravatar.com\/avatar\/20ef29a15973ee8e019ea7478468a9a412eb3b0f11b1dd010ad2645d8f9895b9?s=96&d=mm&r=g\",\"caption\":\"admin\"},\"sameAs\":[\"https:\/\/maja.sara.si\/wordpress\"],\"url\":\"https:\/\/maja.sara.si\/wordpress\/author\/admin\/\"}]}<\/script>\n<!-- \/ Yoast SEO plugin. -->","yoast_head_json":{"title":"dass Gewicht schnellstenst verieren - Maja - stories","description":"Wie mann dass Gewicht schnellstenst verlieren verieren kann ist ein Thema das viele Menschen besch\u00e4ftigt. Besonders in der heutigen Welt","robots":{"index":"index","follow":"follow","max-snippet":"max-snippet:-1","max-image-preview":"max-image-preview:large","max-video-preview":"max-video-preview:-1"},"canonical":"https:\/\/maja.sara.si\/wordpress\/dass-gewicht-schnellstenst-verieren-kann\/","og_locale":"en_US","og_type":"article","og_title":"dass Gewicht schnellstenst verieren - Maja - stories","og_description":"Wie mann dass Gewicht schnellstenst verlieren verieren kann ist ein Thema das viele Menschen besch\u00e4ftigt. Besonders in der heutigen Welt","og_url":"https:\/\/maja.sara.si\/wordpress\/dass-gewicht-schnellstenst-verieren-kann\/","og_site_name":"Maja - stories","article_published_time":"2023-02-16T14:01:28+00:00","article_modified_time":"2023-04-24T09:21:41+00:00","og_image":[{"width":600,"height":877,"url":"https:\/\/maja.sara.si\/wordpress\/wp-content\/uploads\/2023\/02\/pexels-pixabay-414262.jpg","type":"image\/jpeg"}],"author":"admin","twitter_card":"summary_large_image","twitter_misc":{"Written by":"admin","Est. reading time":"3 minutes"},"schema":{"@context":"https:\/\/schema.org","@graph":[{"@type":"Article","@id":"https:\/\/maja.sara.si\/wordpress\/dass-gewicht-schnellstenst-verieren-kann\/#article","isPartOf":{"@id":"https:\/\/maja.sara.si\/wordpress\/dass-gewicht-schnellstenst-verieren-kann\/"},"author":{"name":"admin","@id":"https:\/\/maja.sara.si\/wordpress\/#\/schema\/person\/901a3aa1fc8028e54598b61e147adbe3"},"headline":"dass Gewicht schnellstenst verieren","datePublished":"2023-02-16T14:01:28+00:00","dateModified":"2023-04-24T09:21:41+00:00","mainEntityOfPage":{"@id":"https:\/\/maja.sara.si\/wordpress\/dass-gewicht-schnellstenst-verieren-kann\/"},"wordCount":304,"commentCount":0,"publisher":{"@id":"https:\/\/maja.sara.si\/wordpress\/#organization"},"image":{"@id":"https:\/\/maja.sara.si\/wordpress\/dass-gewicht-schnellstenst-verieren-kann\/#primaryimage"},"thumbnailUrl":"https:\/\/maja.sara.si\/wordpress\/wp-content\/uploads\/2023\/02\/pexels-pixabay-414262.jpg","keywords":["#Gewichtverlieren#","#Gewichtverlierenschnell","#juice","#loseweight","#Soup","#Suppe","vacations"],"articleSection":["Party","travel"],"inLanguage":"en-US","potentialAction":[{"@type":"CommentAction","name":"Comment","target":["https:\/\/maja.sara.si\/wordpress\/dass-gewicht-schnellstenst-verieren-kann\/#respond"]}]},{"@type":"WebPage","@id":"https:\/\/maja.sara.si\/wordpress\/dass-gewicht-schnellstenst-verieren-kann\/","url":"https:\/\/maja.sara.si\/wordpress\/dass-gewicht-schnellstenst-verieren-kann\/","name":"dass Gewicht schnellstenst verieren - Maja - stories","isPartOf":{"@id":"https:\/\/maja.sara.si\/wordpress\/#website"},"primaryImageOfPage":{"@id":"https:\/\/maja.sara.si\/wordpress\/dass-gewicht-schnellstenst-verieren-kann\/#primaryimage"},"image":{"@id":"https:\/\/maja.sara.si\/wordpress\/dass-gewicht-schnellstenst-verieren-kann\/#primaryimage"},"thumbnailUrl":"https:\/\/maja.sara.si\/wordpress\/wp-content\/uploads\/2023\/02\/pexels-pixabay-414262.jpg","datePublished":"2023-02-16T14:01:28+00:00","dateModified":"2023-04-24T09:21:41+00:00","description":"Wie mann dass Gewicht schnellstenst verlieren verieren kann ist ein Thema das viele Menschen besch\u00e4ftigt. Besonders in der heutigen Welt","breadcrumb":{"@id":"https:\/\/maja.sara.si\/wordpress\/dass-gewicht-schnellstenst-verieren-kann\/#breadcrumb"},"inLanguage":"en-US","potentialAction":[{"@type":"ReadAction","target":["https:\/\/maja.sara.si\/wordpress\/dass-gewicht-schnellstenst-verieren-kann\/"]}]},{"@type":"ImageObject","inLanguage":"en-US","@id":"https:\/\/maja.sara.si\/wordpress\/dass-gewicht-schnellstenst-verieren-kann\/#primaryimage","url":"https:\/\/maja.sara.si\/wordpress\/wp-content\/uploads\/2023\/02\/pexels-pixabay-414262.jpg","contentUrl":"https:\/\/maja.sara.si\/wordpress\/wp-content\/uploads\/2023\/02\/pexels-pixabay-414262.jpg","width":600,"height":877,"caption":"Gewicht verlieren"},{"@type":"BreadcrumbList","@id":"https:\/\/maja.sara.si\/wordpress\/dass-gewicht-schnellstenst-verieren-kann\/#breadcrumb","itemListElement":[{"@type":"ListItem","position":1,"name":"Home","item":"https:\/\/maja.sara.si\/wordpress\/"},{"@type":"ListItem","position":2,"name":"dass Gewicht schnellstenst verieren"}]},{"@type":"WebSite","@id":"https:\/\/maja.sara.si\/wordpress\/#website","url":"https:\/\/maja.sara.si\/wordpress\/","name":"Maja - stories","description":"","publisher":{"@id":"https:\/\/maja.sara.si\/wordpress\/#organization"},"potentialAction":[{"@type":"SearchAction","target":{"@type":"EntryPoint","urlTemplate":"https:\/\/maja.sara.si\/wordpress\/?s={search_term_string}"},"query-input":{"@type":"PropertyValueSpecification","valueRequired":true,"valueName":"search_term_string"}}],"inLanguage":"en-US"},{"@type":"Organization","@id":"https:\/\/maja.sara.si\/wordpress\/#organization","name":"SARA","url":"https:\/\/maja.sara.si\/wordpress\/","logo":{"@type":"ImageObject","inLanguage":"en-US","@id":"https:\/\/maja.sara.si\/wordpress\/#\/schema\/logo\/image\/","url":"https:\/\/maja.sara.si\/wordpress\/wp-content\/uploads\/2023\/01\/pexels-jan-van-der-wolf-11672652.jpg","contentUrl":"https:\/\/maja.sara.si\/wordpress\/wp-content\/uploads\/2023\/01\/pexels-jan-van-der-wolf-11672652.jpg","width":400,"height":266,"caption":"SARA"},"image":{"@id":"https:\/\/maja.sara.si\/wordpress\/#\/schema\/logo\/image\/"}},{"@type":"Person","@id":"https:\/\/maja.sara.si\/wordpress\/#\/schema\/person\/901a3aa1fc8028e54598b61e147adbe3","name":"admin","image":{"@type":"ImageObject","inLanguage":"en-US","@id":"https:\/\/maja.sara.si\/wordpress\/#\/schema\/person\/image\/","url":"https:\/\/secure.gravatar.com\/avatar\/20ef29a15973ee8e019ea7478468a9a412eb3b0f11b1dd010ad2645d8f9895b9?s=96&d=mm&r=g","contentUrl":"https:\/\/secure.gravatar.com\/avatar\/20ef29a15973ee8e019ea7478468a9a412eb3b0f11b1dd010ad2645d8f9895b9?s=96&d=mm&r=g","caption":"admin"},"sameAs":["https:\/\/maja.sara.si\/wordpress"],"url":"https:\/\/maja.sara.si\/wordpress\/author\/admin\/"}]}},"_links":{"self":[{"href":"https:\/\/maja.sara.si\/wordpress\/wp-json\/wp\/v2\/posts\/824","targetHints":{"allow":["GET"]}}],"collection":[{"href":"https:\/\/maja.sara.si\/wordpress\/wp-json\/wp\/v2\/posts"}],"about":[{"href":"https:\/\/maja.sara.si\/wordpress\/wp-json\/wp\/v2\/types\/post"}],"author":[{"embeddable":true,"href":"https:\/\/maja.sara.si\/wordpress\/wp-json\/wp\/v2\/users\/1"}],"replies":[{"embeddable":true,"href":"https:\/\/maja.sara.si\/wordpress\/wp-json\/wp\/v2\/comments?post=824"}],"version-history":[{"count":30,"href":"https:\/\/maja.sara.si\/wordpress\/wp-json\/wp\/v2\/posts\/824\/revisions"}],"predecessor-version":[{"id":1388,"href":"https:\/\/maja.sara.si\/wordpress\/wp-json\/wp\/v2\/posts\/824\/revisions\/1388"}],"wp:featuredmedia":[{"embeddable":true,"href":"https:\/\/maja.sara.si\/wordpress\/wp-json\/wp\/v2\/media\/829"}],"wp:attachment":[{"href":"https:\/\/maja.sara.si\/wordpress\/wp-json\/wp\/v2\/media?parent=824"}],"wp:term":[{"taxonomy":"category","embeddable":true,"href":"https:\/\/maja.sara.si\/wordpress\/wp-json\/wp\/v2\/categories?post=824"},{"taxonomy":"post_tag","embeddable":true,"href":"https:\/\/maja.sara.si\/wordpress\/wp-json\/wp\/v2\/tags?post=824"}],"curies":[{"name":"wp","href":"https:\/\/api.w.org\/{rel}","templated":true}]}}